{"id":3699,"date":"2025-10-31T10:01:36","date_gmt":"2025-10-31T10:01:36","guid":{"rendered":"https:\/\/endk.ch\/?p=3699"},"modified":"2025-10-31T10:12:03","modified_gmt":"2025-10-31T10:12:03","slug":"laccord-sur-lelectricite-un-element-cle-pour-la-securite-energetique-de-la-suisse","status":"publish","type":"post","link":"https:\/\/endk.ch\/fr\/laccord-sur-lelectricite-un-element-cle-pour-la-securite-energetique-de-la-suisse\/","title":{"rendered":"L\u2019accord sur l\u2019\u00e9lectricit\u00e9 \u2013 un \u00e9l\u00e9ment cl\u00e9 pour la s\u00e9curit\u00e9 \u00e9nerg\u00e9tique de la Suisse"},"content":{"rendered":"\n<p><strong>R\u00e9unie hier en Assembl\u00e9e pl\u00e9ni\u00e8re extraordinaire, l\u2019EnDK a affirm\u00e9 son soutien \u00e0 l\u2019accord sur l\u2019\u00e9lectricit\u00e9, convaincue qu\u2019il repr\u00e9sente une importante avanc\u00e9e pour la s\u00e9curit\u00e9 d\u2019approvisionnement et la stabilit\u00e9 du r\u00e9seau \u00e9lectrique suisse. Elle souligne toutefois la n\u00e9cessit\u00e9 de clarifications concernant les concessions hydrauliques et appelle \u00e0 une mise en \u0153uvre mesur\u00e9e dans le droit suisse, notamment concernant l\u2019approvisionnement de base.<\/strong><\/p>\n\n\n\n<p>De par sa situation g\u00e9ographique et ses interconnexions physiques, la Suisse est \u00e9troitement int\u00e9gr\u00e9e dans le syst\u00e8me \u00e9lectrique europ\u00e9en et entretient d\u2019intenses \u00e9changes d\u2019\u00e9lectricit\u00e9 avec ses voisins. L\u2019accord sur l\u2019\u00e9lectricit\u00e9 garantit qu\u2019elle pourra acc\u00e9der sur un pied d\u2019\u00e9galit\u00e9 aux plateformes de n\u00e9goce pour l\u2019\u00e9lectricit\u00e9 et l\u2019\u00e9nergie de r\u00e9glage ainsi qu\u2019au couplage des march\u00e9s, tout en s\u00e9curisant juridiquement les capacit\u00e9s frontali\u00e8res cl\u00e9s pour son approvisionnement, notamment en hiver. \u00ab\u202fL\u2019EnDK soutient l\u2019accord sur l\u2019\u00e9lectricit\u00e9, car il constitue une \u00e9tape d\u00e9cisive pour la s\u00e9curit\u00e9 d\u2019approvisionnement de la Suisse et l\u2019int\u00e9gration efficace de notre pays au march\u00e9 europ\u00e9en de l\u2019\u00e9lectricit\u00e9. Cet accord est capital pour garantir le bon fonctionnement des \u00e9changes transfrontaliers et une stabilit\u00e9 durable \u00e0 moindres co\u00fbts du r\u00e9seau \u00e9lectrique\u202f\u00bb, souligne Laurent Favre, conseiller d\u2019Etat neuch\u00e2telois et pr\u00e9sident de l\u2019EnDK.<\/p>\n\n\n\n<p>La force hydraulique, pilier de l\u2019approvisionnement suisse, rev\u00eat une importance cruciale pour la Suisse et pour les cantons\u202f: L\u2019EnDK salue par cons\u00e9quent que l\u2019accord garantit la souverainet\u00e9 cantonale sur son exploitation en excluant les r\u00e9glementations correspondantes du champ d\u2019application ainsi que le maintien de la propri\u00e9t\u00e9 publique des centrales. L\u2019EnDK rappelle ainsi l\u2019importance d\u2019une s\u00e9curit\u00e9 juridique \u00e9lev\u00e9e pour l\u2019hydro\u00e9lectricit\u00e9. C\u2019est pourquoi elle invite le Conseil f\u00e9d\u00e9ral \u00e0 d\u00e9finir de mani\u00e8re plus contraignante les m\u00e9canismes de d\u00e9fense des int\u00e9r\u00eats suisses \u00e0 long terme, en s\u2019opposant \u00e0 toute extension ult\u00e9rieure du champ d\u2019application de l\u2019accord dans le domaine hydraulique.<\/p>\n\n\n\n<p>S\u2019agissant de l\u2019ouverture du march\u00e9, l\u2019EnDK salue le maintien d\u2019un approvisionnement de base dans le sens d\u2019un service public afin de garantir un approvisionnement s\u00fbr pour les petits consommateurs qui ne souhaitent pas changer de fournisseur. \u00ab\u00a0Un \u00e9quilibre entre protection des clients, lisibilit\u00e9 de la r\u00e9glementation et pr\u00e9visibilit\u00e9 pour les fournisseurs\u00a0doit ainsi \u00eatre assur\u00e9\u00a0\u00bb, constate Martin Neukom, pr\u00e9sident du gouvernement zurichois et vice-pr\u00e9sident de l\u2019EnDK. \u00ab\u00a0Les directeurs de l\u2019\u00e9nergie invitent le Conseil f\u00e9d\u00e9ral \u00e0 revoir le dispositif en cons\u00e9quence\u00a0\u00bb. Une l\u00e9gislation claire, pragmatique et applicable par toutes les entreprises d\u2019approvisionnement doit selon l\u2019EnDK pr\u00e9valoir.<\/p>\n\n\n\n<p>Le maintien et le d\u00e9veloppement des capacit\u00e9s de production des \u00e9nergies renouvelables constituent pour l\u2019EnDK une autre priorit\u00e9 essentielle pour assurer la s\u00e9curit\u00e9 d\u2019approvisionnement et la transition \u00e9nerg\u00e9tique. Elle salue \u00e0 ce titre l\u2019engagement conjoint de la Suisse et de l\u2019Union europ\u00e9enne en faveur des \u00e9nergies renouvelables. Les adaptations du cadre r\u00e9glementaire suisse ne doivent donc pas freiner cette dynamique. Le cas \u00e9ch\u00e9ant, de nouvelles mesures d\u2019accompagnement, compatibles avec le droit europ\u00e9en, devront \u00eatre mises en place, afin de garantir le maintien et le d\u00e9veloppement des \u00e9nergies renouvelables, dont l\u2019\u00e9nergie hydraulique.<\/p>\n\n\n\n<div class=\"wp-block-buttons is-layout-flex wp-block-buttons-is-layout-flex\">\n<div class=\"wp-block-button\"><a class=\"wp-block-button__link wp-element-button\" href=\"https:\/\/endk.ch\/wp-content\/uploads\/2025\/10\/20251031_Medienmitteilung_StromA_F-2.pdf\" target=\"_blank\" rel=\"noreferrer noopener\">Communiqu\u00e9 de presse<\/a><\/div>\n\n\n\n<div class=\"wp-block-button\"><a class=\"wp-block-button__link wp-element-button\" href=\"https:\/\/endk.ch\/wp-content\/uploads\/2025\/10\/20251030_Accord_electricite_Pdp_EnDK.pdf\" target=\"_blank\" rel=\"noreferrer noopener\">Prise de position<\/a><\/div>\n<\/div>\n","protected":false},"excerpt":{"rendered":"<p>R\u00e9unie hier en Assembl\u00e9e pl\u00e9ni\u00e8re extraordinaire, l\u2019EnDK a affirm\u00e9 son soutien \u00e0 l\u2019accord sur l\u2019\u00e9lectricit\u00e9, convaincue qu\u2019il repr\u00e9sente une importante avanc\u00e9e pour la s\u00e9curit\u00e9 d\u2019approvisionnement et la stabilit\u00e9 du r\u00e9seau \u00e9lectrique suisse. Elle souligne toutefois la n\u00e9cessit\u00e9 de clarifications concernant les concessions hydrauliques et appelle \u00e0 une mise en \u0153uvre mesur\u00e9e dans le droit suisse, [&hellip;]<\/p>\n","protected":false},"author":4,"featured_media":0,"comment_status":"closed","ping_status":"open","sticky":false,"template":"","format":"standard","meta":{"_acf_changed":false,"footnotes":""},"categories":[48],"tags":[],"class_list":["post-3699","post","type-post","status-publish","format-standard","hentry","category-non-categorise"],"acf":[],"yoast_head":"<!-- This site is optimized with the Yoast SEO plugin v27.2 - https:\/\/yoast.com\/product\/yoast-seo-wordpress\/ -->\n<title>L\u2019accord sur l\u2019\u00e9lectricit\u00e9 \u2013 un \u00e9l\u00e9ment cl\u00e9 pour la s\u00e9curit\u00e9 \u00e9nerg\u00e9tique de la Suisse - ENDK<\/title>\n<meta name=\"robots\" content=\"index, follow, max-snippet:-1, max-image-preview:large, max-video-preview:-1\" \/>\n<link rel=\"canonical\" href=\"https:\/\/endk.ch\/fr\/laccord-sur-lelectricite-un-element-cle-pour-la-securite-energetique-de-la-suisse\/\" \/>\n<meta property=\"og:locale\" content=\"fr_FR\" \/>\n<meta property=\"og:type\" content=\"article\" \/>\n<meta property=\"og:title\" content=\"L\u2019accord sur l\u2019\u00e9lectricit\u00e9 \u2013 un \u00e9l\u00e9ment cl\u00e9 pour la s\u00e9curit\u00e9 \u00e9nerg\u00e9tique de la Suisse - ENDK\" \/>\n<meta property=\"og:description\" content=\"R\u00e9unie hier en Assembl\u00e9e pl\u00e9ni\u00e8re extraordinaire, l\u2019EnDK a affirm\u00e9 son soutien \u00e0 l\u2019accord sur l\u2019\u00e9lectricit\u00e9, convaincue qu\u2019il repr\u00e9sente une importante avanc\u00e9e pour la s\u00e9curit\u00e9 d\u2019approvisionnement et la stabilit\u00e9 du r\u00e9seau \u00e9lectrique suisse. Elle souligne toutefois la n\u00e9cessit\u00e9 de clarifications concernant les concessions hydrauliques et appelle \u00e0 une mise en \u0153uvre mesur\u00e9e dans le droit suisse, [&hellip;]\" \/>\n<meta property=\"og:url\" content=\"https:\/\/endk.ch\/fr\/laccord-sur-lelectricite-un-element-cle-pour-la-securite-energetique-de-la-suisse\/\" \/>\n<meta property=\"og:site_name\" content=\"ENDK\" \/>\n<meta property=\"article:published_time\" content=\"2025-10-31T10:01:36+00:00\" \/>\n<meta property=\"article:modified_time\" content=\"2025-10-31T10:12:03+00:00\" \/>\n<meta name=\"author\" content=\"cornelia.abouri@endk.ch\" \/>\n<meta name=\"twitter:card\" content=\"summary_large_image\" \/>\n<meta name=\"twitter:label1\" content=\"\u00c9crit par\" \/>\n\t<meta name=\"twitter:data1\" content=\"cornelia.abouri@endk.ch\" \/>\n\t<meta name=\"twitter:label2\" content=\"Dur\u00e9e de lecture estim\u00e9e\" \/>\n\t<meta name=\"twitter:data2\" content=\"3 minutes\" \/>\n<script type=\"application\/ld+json\" class=\"yoast-schema-graph\">{\"@context\":\"https:\/\/schema.org\",\"@graph\":[{\"@type\":\"Article\",\"@id\":\"https:\/\/endk.ch\/fr\/laccord-sur-lelectricite-un-element-cle-pour-la-securite-energetique-de-la-suisse\/#article\",\"isPartOf\":{\"@id\":\"https:\/\/endk.ch\/fr\/laccord-sur-lelectricite-un-element-cle-pour-la-securite-energetique-de-la-suisse\/\"},\"author\":{\"name\":\"cornelia.abouri@endk.ch\",\"@id\":\"https:\/\/endk.ch\/fr\/#\/schema\/person\/18519acb7779469f3aca29ff1c331a27\"},\"headline\":\"L\u2019accord sur l\u2019\u00e9lectricit\u00e9 \u2013 un \u00e9l\u00e9ment cl\u00e9 pour la s\u00e9curit\u00e9 \u00e9nerg\u00e9tique de la Suisse\",\"datePublished\":\"2025-10-31T10:01:36+00:00\",\"dateModified\":\"2025-10-31T10:12:03+00:00\",\"mainEntityOfPage\":{\"@id\":\"https:\/\/endk.ch\/fr\/laccord-sur-lelectricite-un-element-cle-pour-la-securite-energetique-de-la-suisse\/\"},\"wordCount\":603,\"publisher\":{\"@id\":\"https:\/\/endk.ch\/fr\/#organization\"},\"articleSection\":[\"Non cat\u00e9goris\u00e9\"],\"inLanguage\":\"fr-FR\"},{\"@type\":\"WebPage\",\"@id\":\"https:\/\/endk.ch\/fr\/laccord-sur-lelectricite-un-element-cle-pour-la-securite-energetique-de-la-suisse\/\",\"url\":\"https:\/\/endk.ch\/fr\/laccord-sur-lelectricite-un-element-cle-pour-la-securite-energetique-de-la-suisse\/\",\"name\":\"L\u2019accord sur l\u2019\u00e9lectricit\u00e9 \u2013 un \u00e9l\u00e9ment cl\u00e9 pour la s\u00e9curit\u00e9 \u00e9nerg\u00e9tique de la Suisse - ENDK\",\"isPartOf\":{\"@id\":\"https:\/\/endk.ch\/fr\/#website\"},\"datePublished\":\"2025-10-31T10:01:36+00:00\",\"dateModified\":\"2025-10-31T10:12:03+00:00\",\"breadcrumb\":{\"@id\":\"https:\/\/endk.ch\/fr\/laccord-sur-lelectricite-un-element-cle-pour-la-securite-energetique-de-la-suisse\/#breadcrumb\"},\"inLanguage\":\"fr-FR\",\"potentialAction\":[{\"@type\":\"ReadAction\",\"target\":[\"https:\/\/endk.ch\/fr\/laccord-sur-lelectricite-un-element-cle-pour-la-securite-energetique-de-la-suisse\/\"]}]},{\"@type\":\"BreadcrumbList\",\"@id\":\"https:\/\/endk.ch\/fr\/laccord-sur-lelectricite-un-element-cle-pour-la-securite-energetique-de-la-suisse\/#breadcrumb\",\"itemListElement\":[{\"@type\":\"ListItem\",\"position\":1,\"name\":\"Startseite\",\"item\":\"https:\/\/endk.ch\/fr\/\"},{\"@type\":\"ListItem\",\"position\":2,\"name\":\"L\u2019accord sur l\u2019\u00e9lectricit\u00e9 \u2013 un \u00e9l\u00e9ment cl\u00e9 pour la s\u00e9curit\u00e9 \u00e9nerg\u00e9tique de la Suisse\"}]},{\"@type\":\"WebSite\",\"@id\":\"https:\/\/endk.ch\/fr\/#website\",\"url\":\"https:\/\/endk.ch\/fr\/\",\"name\":\"ENDK\",\"description\":\"\",\"publisher\":{\"@id\":\"https:\/\/endk.ch\/fr\/#organization\"},\"potentialAction\":[{\"@type\":\"SearchAction\",\"target\":{\"@type\":\"EntryPoint\",\"urlTemplate\":\"https:\/\/endk.ch\/fr\/?s={search_term_string}\"},\"query-input\":{\"@type\":\"PropertyValueSpecification\",\"valueRequired\":true,\"valueName\":\"search_term_string\"}}],\"inLanguage\":\"fr-FR\"},{\"@type\":\"Organization\",\"@id\":\"https:\/\/endk.ch\/fr\/#organization\",\"name\":\"ENDK\",\"url\":\"https:\/\/endk.ch\/fr\/\",\"logo\":{\"@type\":\"ImageObject\",\"inLanguage\":\"fr-FR\",\"@id\":\"https:\/\/endk.ch\/fr\/#\/schema\/logo\/image\/\",\"url\":null,\"contentUrl\":null,\"width\":null,\"height\":null,\"caption\":\"ENDK\"},\"image\":{\"@id\":\"https:\/\/endk.ch\/fr\/#\/schema\/logo\/image\/\"}},{\"@type\":\"Person\",\"@id\":\"https:\/\/endk.ch\/fr\/#\/schema\/person\/18519acb7779469f3aca29ff1c331a27\",\"name\":\"cornelia.abouri@endk.ch\",\"image\":{\"@type\":\"ImageObject\",\"inLanguage\":\"fr-FR\",\"@id\":\"https:\/\/secure.gravatar.com\/avatar\/96957d407ec7bddfc9ef7daadcea0ff828b783b2f08b58765f1fd602bc090e19?s=96&d=mm&r=g\",\"url\":\"https:\/\/secure.gravatar.com\/avatar\/96957d407ec7bddfc9ef7daadcea0ff828b783b2f08b58765f1fd602bc090e19?s=96&d=mm&r=g\",\"contentUrl\":\"https:\/\/secure.gravatar.com\/avatar\/96957d407ec7bddfc9ef7daadcea0ff828b783b2f08b58765f1fd602bc090e19?s=96&d=mm&r=g\",\"caption\":\"cornelia.abouri@endk.ch\"}}]}<\/script>\n<!-- \/ Yoast SEO plugin. -->","yoast_head_json":{"title":"L\u2019accord sur l\u2019\u00e9lectricit\u00e9 \u2013 un \u00e9l\u00e9ment cl\u00e9 pour la s\u00e9curit\u00e9 \u00e9nerg\u00e9tique de la Suisse - ENDK","robots":{"index":"index","follow":"follow","max-snippet":"max-snippet:-1","max-image-preview":"max-image-preview:large","max-video-preview":"max-video-preview:-1"},"canonical":"https:\/\/endk.ch\/fr\/laccord-sur-lelectricite-un-element-cle-pour-la-securite-energetique-de-la-suisse\/","og_locale":"fr_FR","og_type":"article","og_title":"L\u2019accord sur l\u2019\u00e9lectricit\u00e9 \u2013 un \u00e9l\u00e9ment cl\u00e9 pour la s\u00e9curit\u00e9 \u00e9nerg\u00e9tique de la Suisse - ENDK","og_description":"R\u00e9unie hier en Assembl\u00e9e pl\u00e9ni\u00e8re extraordinaire, l\u2019EnDK a affirm\u00e9 son soutien \u00e0 l\u2019accord sur l\u2019\u00e9lectricit\u00e9, convaincue qu\u2019il repr\u00e9sente une importante avanc\u00e9e pour la s\u00e9curit\u00e9 d\u2019approvisionnement et la stabilit\u00e9 du r\u00e9seau \u00e9lectrique suisse. Elle souligne toutefois la n\u00e9cessit\u00e9 de clarifications concernant les concessions hydrauliques et appelle \u00e0 une mise en \u0153uvre mesur\u00e9e dans le droit suisse, [&hellip;]","og_url":"https:\/\/endk.ch\/fr\/laccord-sur-lelectricite-un-element-cle-pour-la-securite-energetique-de-la-suisse\/","og_site_name":"ENDK","article_published_time":"2025-10-31T10:01:36+00:00","article_modified_time":"2025-10-31T10:12:03+00:00","author":"cornelia.abouri@endk.ch","twitter_card":"summary_large_image","twitter_misc":{"\u00c9crit par":"cornelia.abouri@endk.ch","Dur\u00e9e de lecture estim\u00e9e":"3 minutes"},"schema":{"@context":"https:\/\/schema.org","@graph":[{"@type":"Article","@id":"https:\/\/endk.ch\/fr\/laccord-sur-lelectricite-un-element-cle-pour-la-securite-energetique-de-la-suisse\/#article","isPartOf":{"@id":"https:\/\/endk.ch\/fr\/laccord-sur-lelectricite-un-element-cle-pour-la-securite-energetique-de-la-suisse\/"},"author":{"name":"cornelia.abouri@endk.ch","@id":"https:\/\/endk.ch\/fr\/#\/schema\/person\/18519acb7779469f3aca29ff1c331a27"},"headline":"L\u2019accord sur l\u2019\u00e9lectricit\u00e9 \u2013 un \u00e9l\u00e9ment cl\u00e9 pour la s\u00e9curit\u00e9 \u00e9nerg\u00e9tique de la Suisse","datePublished":"2025-10-31T10:01:36+00:00","dateModified":"2025-10-31T10:12:03+00:00","mainEntityOfPage":{"@id":"https:\/\/endk.ch\/fr\/laccord-sur-lelectricite-un-element-cle-pour-la-securite-energetique-de-la-suisse\/"},"wordCount":603,"publisher":{"@id":"https:\/\/endk.ch\/fr\/#organization"},"articleSection":["Non cat\u00e9goris\u00e9"],"inLanguage":"fr-FR"},{"@type":"WebPage","@id":"https:\/\/endk.ch\/fr\/laccord-sur-lelectricite-un-element-cle-pour-la-securite-energetique-de-la-suisse\/","url":"https:\/\/endk.ch\/fr\/laccord-sur-lelectricite-un-element-cle-pour-la-securite-energetique-de-la-suisse\/","name":"L\u2019accord sur l\u2019\u00e9lectricit\u00e9 \u2013 un \u00e9l\u00e9ment cl\u00e9 pour la s\u00e9curit\u00e9 \u00e9nerg\u00e9tique de la Suisse - ENDK","isPartOf":{"@id":"https:\/\/endk.ch\/fr\/#website"},"datePublished":"2025-10-31T10:01:36+00:00","dateModified":"2025-10-31T10:12:03+00:00","breadcrumb":{"@id":"https:\/\/endk.ch\/fr\/laccord-sur-lelectricite-un-element-cle-pour-la-securite-energetique-de-la-suisse\/#breadcrumb"},"inLanguage":"fr-FR","potentialAction":[{"@type":"ReadAction","target":["https:\/\/endk.ch\/fr\/laccord-sur-lelectricite-un-element-cle-pour-la-securite-energetique-de-la-suisse\/"]}]},{"@type":"BreadcrumbList","@id":"https:\/\/endk.ch\/fr\/laccord-sur-lelectricite-un-element-cle-pour-la-securite-energetique-de-la-suisse\/#breadcrumb","itemListElement":[{"@type":"ListItem","position":1,"name":"Startseite","item":"https:\/\/endk.ch\/fr\/"},{"@type":"ListItem","position":2,"name":"L\u2019accord sur l\u2019\u00e9lectricit\u00e9 \u2013 un \u00e9l\u00e9ment cl\u00e9 pour la s\u00e9curit\u00e9 \u00e9nerg\u00e9tique de la Suisse"}]},{"@type":"WebSite","@id":"https:\/\/endk.ch\/fr\/#website","url":"https:\/\/endk.ch\/fr\/","name":"ENDK","description":"","publisher":{"@id":"https:\/\/endk.ch\/fr\/#organization"},"potentialAction":[{"@type":"SearchAction","target":{"@type":"EntryPoint","urlTemplate":"https:\/\/endk.ch\/fr\/?s={search_term_string}"},"query-input":{"@type":"PropertyValueSpecification","valueRequired":true,"valueName":"search_term_string"}}],"inLanguage":"fr-FR"},{"@type":"Organization","@id":"https:\/\/endk.ch\/fr\/#organization","name":"ENDK","url":"https:\/\/endk.ch\/fr\/","logo":{"@type":"ImageObject","inLanguage":"fr-FR","@id":"https:\/\/endk.ch\/fr\/#\/schema\/logo\/image\/","url":null,"contentUrl":null,"width":null,"height":null,"caption":"ENDK"},"image":{"@id":"https:\/\/endk.ch\/fr\/#\/schema\/logo\/image\/"}},{"@type":"Person","@id":"https:\/\/endk.ch\/fr\/#\/schema\/person\/18519acb7779469f3aca29ff1c331a27","name":"cornelia.abouri@endk.ch","image":{"@type":"ImageObject","inLanguage":"fr-FR","@id":"https:\/\/secure.gravatar.com\/avatar\/96957d407ec7bddfc9ef7daadcea0ff828b783b2f08b58765f1fd602bc090e19?s=96&d=mm&r=g","url":"https:\/\/secure.gravatar.com\/avatar\/96957d407ec7bddfc9ef7daadcea0ff828b783b2f08b58765f1fd602bc090e19?s=96&d=mm&r=g","contentUrl":"https:\/\/secure.gravatar.com\/avatar\/96957d407ec7bddfc9ef7daadcea0ff828b783b2f08b58765f1fd602bc090e19?s=96&d=mm&r=g","caption":"cornelia.abouri@endk.ch"}}]}},"_links":{"self":[{"href":"https:\/\/endk.ch\/fr\/wp-json\/wp\/v2\/posts\/3699","targetHints":{"allow":["GET"]}}],"collection":[{"href":"https:\/\/endk.ch\/fr\/wp-json\/wp\/v2\/posts"}],"about":[{"href":"https:\/\/endk.ch\/fr\/wp-json\/wp\/v2\/types\/post"}],"author":[{"embeddable":true,"href":"https:\/\/endk.ch\/fr\/wp-json\/wp\/v2\/users\/4"}],"replies":[{"embeddable":true,"href":"https:\/\/endk.ch\/fr\/wp-json\/wp\/v2\/comments?post=3699"}],"version-history":[{"count":2,"href":"https:\/\/endk.ch\/fr\/wp-json\/wp\/v2\/posts\/3699\/revisions"}],"predecessor-version":[{"id":3701,"href":"https:\/\/endk.ch\/fr\/wp-json\/wp\/v2\/posts\/3699\/revisions\/3701"}],"wp:attachment":[{"href":"https:\/\/endk.ch\/fr\/wp-json\/wp\/v2\/media?parent=3699"}],"wp:term":[{"taxonomy":"category","embeddable":true,"href":"https:\/\/endk.ch\/fr\/wp-json\/wp\/v2\/categories?post=3699"},{"taxonomy":"post_tag","embeddable":true,"href":"https:\/\/endk.ch\/fr\/wp-json\/wp\/v2\/tags?post=3699"}],"curies":[{"name":"wp","href":"https:\/\/api.w.org\/{rel}","templated":true}]}}