{"id":3998,"date":"2026-03-09T19:28:55","date_gmt":"2026-03-09T19:28:55","guid":{"rendered":"https:\/\/endk.ch\/?p=3998"},"modified":"2026-04-26T19:31:20","modified_gmt":"2026-04-26T19:31:20","slug":"fortfuhrung-einer-koharenten-gebaudepolitik-sichergestellt","status":"publish","type":"post","link":"https:\/\/endk.ch\/it\/fortfuhrung-einer-koharenten-gebaudepolitik-sichergestellt\/","title":{"rendered":"Fortf\u00fchrung einer koh\u00e4renten Geb\u00e4udepolitik sichergestellt"},"content":{"rendered":"\n<p>Nach der heutigen Beratung des Entlastungsprogramms\u202f2027 im St\u00e4nderat ist der Entscheid gefallen: Der St\u00e4nde- und Nationalrat haben sich gemeinsam f\u00fcr den von der EnDK erarbeiteten Kompromiss zur Fortf\u00fchrung der F\u00f6rderung im Geb\u00e4udesektor ausgesprochen \u2013 mit einer gezielten Erg\u00e4nzung zugunsten von Geothermie und erneuerbaren Gasen. Damit stellt das Parlament die Fortf\u00fchrung einer wirksamen Geb\u00e4udepolitik sicher und erm\u00f6glicht zugleich eine j\u00e4hrliche Entlastung des Bundeshaushalts um 200\u202fMio.\u202fFranken.<\/p>\n\n\n\n<p>Mit der CO2-Abgabe, den Energievorschriften der Kantone (MuKEn) und dem Geb\u00e4udeprogramm st\u00fctzt sich die Geb\u00e4udepolitik auf ein erfolgreiches Zusammenspiel der Instrumente \u00ablenken, fordern und f\u00f6rdern\u00bb. Diese ausgewogene Mischung zeigt messbare Wirkung: h\u00f6here Sanierungsraten, sinkender W\u00e4rmebedarf, mehr erneuerbare Heizsysteme und eine CO\u2082\u2011Reduktion von rund&nbsp;46\u202f% gegen\u00fcber 1990. Der heutige Parlamentsbeschluss sichert die Kontinuit\u00e4t dieser erfolgreichen Strategie.<\/p>\n\n\n\n<p>Nun gilt es, das neue gemeinsame F\u00f6rderprogramm im Geb\u00e4udesektor z\u00fcgig und sorgf\u00e4ltig auszuarbeiten. Bund und Kantone m\u00fcssen die Massnahmen gemeinsam gestalten, um den verfassungsm\u00e4ssigen Zust\u00e4ndigkeiten der Kantone Rechnung zu tragen und eine wirksame Umsetzung sicherzustellen. So k\u00f6nnen die Kantone die Massnahmen optimal an topografische und klimatische Gegebenheiten sowie den lokalen Geb\u00e4udebestand anpassen \u2013 f\u00fcr eine zielgerichtete, effiziente und wirkungsvolle F\u00f6rderung im Geb\u00e4udebereich!<\/p>\n","protected":false},"excerpt":{"rendered":"<p>Nach der heutigen Beratung des Entlastungsprogramms\u202f2027 im St\u00e4nderat ist der Entscheid gefallen: Der St\u00e4nde- und Nationalrat haben sich gemeinsam f\u00fcr den von der EnDK erarbeiteten Kompromiss zur Fortf\u00fchrung der F\u00f6rderung im Geb\u00e4udesektor ausgesprochen \u2013 mit einer gezielten Erg\u00e4nzung zugunsten von Geothermie und erneuerbaren Gasen. Damit stellt das Parlament die Fortf\u00fchrung einer wirksamen Geb\u00e4udepolitik sicher und [&hellip;]<\/p>\n","protected":false},"author":5,"featured_media":0,"comment_status":"closed","ping_status":"open","sticky":false,"template":"","format":"standard","meta":{"_acf_changed":false,"footnotes":""},"categories":[69],"tags":[],"class_list":["post-3998","post","type-post","status-publish","format-standard","hentry","category-senza-categoria"],"acf":[],"yoast_head":"<!-- This site is optimized with the Yoast SEO plugin v27.2 - https:\/\/yoast.com\/product\/yoast-seo-wordpress\/ -->\n<title>Fortf\u00fchrung einer koh\u00e4renten Geb\u00e4udepolitik sichergestellt - ENDK<\/title>\n<meta name=\"robots\" content=\"index, follow, max-snippet:-1, max-image-preview:large, max-video-preview:-1\" \/>\n<link rel=\"canonical\" href=\"https:\/\/endk.ch\/it\/fortfuhrung-einer-koharenten-gebaudepolitik-sichergestellt\/\" \/>\n<meta property=\"og:locale\" content=\"it_IT\" \/>\n<meta property=\"og:type\" content=\"article\" \/>\n<meta property=\"og:title\" content=\"Fortf\u00fchrung einer koh\u00e4renten Geb\u00e4udepolitik sichergestellt - ENDK\" \/>\n<meta property=\"og:description\" content=\"Nach der heutigen Beratung des Entlastungsprogramms\u202f2027 im St\u00e4nderat ist der Entscheid gefallen: Der St\u00e4nde- und Nationalrat haben sich gemeinsam f\u00fcr den von der EnDK erarbeiteten Kompromiss zur Fortf\u00fchrung der F\u00f6rderung im Geb\u00e4udesektor ausgesprochen \u2013 mit einer gezielten Erg\u00e4nzung zugunsten von Geothermie und erneuerbaren Gasen. Damit stellt das Parlament die Fortf\u00fchrung einer wirksamen Geb\u00e4udepolitik sicher und [&hellip;]\" \/>\n<meta property=\"og:url\" content=\"https:\/\/endk.ch\/it\/fortfuhrung-einer-koharenten-gebaudepolitik-sichergestellt\/\" \/>\n<meta property=\"og:site_name\" content=\"ENDK\" \/>\n<meta property=\"article:published_time\" content=\"2026-03-09T19:28:55+00:00\" \/>\n<meta property=\"article:modified_time\" content=\"2026-04-26T19:31:20+00:00\" \/>\n<meta name=\"author\" content=\"veronique.bittner@endk.ch\" \/>\n<meta name=\"twitter:card\" content=\"summary_large_image\" \/>\n<meta name=\"twitter:label1\" content=\"Scritto da\" \/>\n\t<meta name=\"twitter:data1\" content=\"veronique.bittner@endk.ch\" \/>\n\t<meta name=\"twitter:label2\" content=\"Tempo di lettura stimato\" \/>\n\t<meta name=\"twitter:data2\" content=\"2 minuti\" \/>\n<script type=\"application\/ld+json\" class=\"yoast-schema-graph\">{\"@context\":\"https:\/\/schema.org\",\"@graph\":[{\"@type\":\"Article\",\"@id\":\"https:\/\/endk.ch\/it\/fortfuhrung-einer-koharenten-gebaudepolitik-sichergestellt\/#article\",\"isPartOf\":{\"@id\":\"https:\/\/endk.ch\/it\/fortfuhrung-einer-koharenten-gebaudepolitik-sichergestellt\/\"},\"author\":{\"name\":\"veronique.bittner@endk.ch\",\"@id\":\"https:\/\/endk.ch\/it\/#\/schema\/person\/e952e70588d8a538b7613b175dde9331\"},\"headline\":\"Fortf\u00fchrung einer koh\u00e4renten Geb\u00e4udepolitik sichergestellt\",\"datePublished\":\"2026-03-09T19:28:55+00:00\",\"dateModified\":\"2026-04-26T19:31:20+00:00\",\"mainEntityOfPage\":{\"@id\":\"https:\/\/endk.ch\/it\/fortfuhrung-einer-koharenten-gebaudepolitik-sichergestellt\/\"},\"wordCount\":220,\"publisher\":{\"@id\":\"https:\/\/endk.ch\/it\/#organization\"},\"inLanguage\":\"it-IT\"},{\"@type\":\"WebPage\",\"@id\":\"https:\/\/endk.ch\/it\/fortfuhrung-einer-koharenten-gebaudepolitik-sichergestellt\/\",\"url\":\"https:\/\/endk.ch\/it\/fortfuhrung-einer-koharenten-gebaudepolitik-sichergestellt\/\",\"name\":\"Fortf\u00fchrung einer koh\u00e4renten Geb\u00e4udepolitik sichergestellt - ENDK\",\"isPartOf\":{\"@id\":\"https:\/\/endk.ch\/it\/#website\"},\"datePublished\":\"2026-03-09T19:28:55+00:00\",\"dateModified\":\"2026-04-26T19:31:20+00:00\",\"breadcrumb\":{\"@id\":\"https:\/\/endk.ch\/it\/fortfuhrung-einer-koharenten-gebaudepolitik-sichergestellt\/#breadcrumb\"},\"inLanguage\":\"it-IT\",\"potentialAction\":[{\"@type\":\"ReadAction\",\"target\":[\"https:\/\/endk.ch\/it\/fortfuhrung-einer-koharenten-gebaudepolitik-sichergestellt\/\"]}]},{\"@type\":\"BreadcrumbList\",\"@id\":\"https:\/\/endk.ch\/it\/fortfuhrung-einer-koharenten-gebaudepolitik-sichergestellt\/#breadcrumb\",\"itemListElement\":[{\"@type\":\"ListItem\",\"position\":1,\"name\":\"Startseite\",\"item\":\"https:\/\/endk.ch\/it\/\"},{\"@type\":\"ListItem\",\"position\":2,\"name\":\"Fortf\u00fchrung einer koh\u00e4renten Geb\u00e4udepolitik sichergestellt\"}]},{\"@type\":\"WebSite\",\"@id\":\"https:\/\/endk.ch\/it\/#website\",\"url\":\"https:\/\/endk.ch\/it\/\",\"name\":\"ENDK\",\"description\":\"\",\"publisher\":{\"@id\":\"https:\/\/endk.ch\/it\/#organization\"},\"potentialAction\":[{\"@type\":\"SearchAction\",\"target\":{\"@type\":\"EntryPoint\",\"urlTemplate\":\"https:\/\/endk.ch\/it\/?s={search_term_string}\"},\"query-input\":{\"@type\":\"PropertyValueSpecification\",\"valueRequired\":true,\"valueName\":\"search_term_string\"}}],\"inLanguage\":\"it-IT\"},{\"@type\":\"Organization\",\"@id\":\"https:\/\/endk.ch\/it\/#organization\",\"name\":\"ENDK\",\"url\":\"https:\/\/endk.ch\/it\/\",\"logo\":{\"@type\":\"ImageObject\",\"inLanguage\":\"it-IT\",\"@id\":\"https:\/\/endk.ch\/it\/#\/schema\/logo\/image\/\",\"url\":null,\"contentUrl\":null,\"width\":null,\"height\":null,\"caption\":\"ENDK\"},\"image\":{\"@id\":\"https:\/\/endk.ch\/it\/#\/schema\/logo\/image\/\"}},{\"@type\":\"Person\",\"@id\":\"https:\/\/endk.ch\/it\/#\/schema\/person\/e952e70588d8a538b7613b175dde9331\",\"name\":\"veronique.bittner@endk.ch\",\"image\":{\"@type\":\"ImageObject\",\"inLanguage\":\"it-IT\",\"@id\":\"https:\/\/secure.gravatar.com\/avatar\/e29677574f944d28ac88368246db7304eed01b792a18b9ca73f6d9d38574dcac?s=96&d=mm&r=g\",\"url\":\"https:\/\/secure.gravatar.com\/avatar\/e29677574f944d28ac88368246db7304eed01b792a18b9ca73f6d9d38574dcac?s=96&d=mm&r=g\",\"contentUrl\":\"https:\/\/secure.gravatar.com\/avatar\/e29677574f944d28ac88368246db7304eed01b792a18b9ca73f6d9d38574dcac?s=96&d=mm&r=g\",\"caption\":\"veronique.bittner@endk.ch\"}}]}<\/script>\n<!-- \/ Yoast SEO plugin. -->","yoast_head_json":{"title":"Fortf\u00fchrung einer koh\u00e4renten Geb\u00e4udepolitik sichergestellt - ENDK","robots":{"index":"index","follow":"follow","max-snippet":"max-snippet:-1","max-image-preview":"max-image-preview:large","max-video-preview":"max-video-preview:-1"},"canonical":"https:\/\/endk.ch\/it\/fortfuhrung-einer-koharenten-gebaudepolitik-sichergestellt\/","og_locale":"it_IT","og_type":"article","og_title":"Fortf\u00fchrung einer koh\u00e4renten Geb\u00e4udepolitik sichergestellt - ENDK","og_description":"Nach der heutigen Beratung des Entlastungsprogramms\u202f2027 im St\u00e4nderat ist der Entscheid gefallen: Der St\u00e4nde- und Nationalrat haben sich gemeinsam f\u00fcr den von der EnDK erarbeiteten Kompromiss zur Fortf\u00fchrung der F\u00f6rderung im Geb\u00e4udesektor ausgesprochen \u2013 mit einer gezielten Erg\u00e4nzung zugunsten von Geothermie und erneuerbaren Gasen. Damit stellt das Parlament die Fortf\u00fchrung einer wirksamen Geb\u00e4udepolitik sicher und [&hellip;]","og_url":"https:\/\/endk.ch\/it\/fortfuhrung-einer-koharenten-gebaudepolitik-sichergestellt\/","og_site_name":"ENDK","article_published_time":"2026-03-09T19:28:55+00:00","article_modified_time":"2026-04-26T19:31:20+00:00","author":"veronique.bittner@endk.ch","twitter_card":"summary_large_image","twitter_misc":{"Scritto da":"veronique.bittner@endk.ch","Tempo di lettura stimato":"2 minuti"},"schema":{"@context":"https:\/\/schema.org","@graph":[{"@type":"Article","@id":"https:\/\/endk.ch\/it\/fortfuhrung-einer-koharenten-gebaudepolitik-sichergestellt\/#article","isPartOf":{"@id":"https:\/\/endk.ch\/it\/fortfuhrung-einer-koharenten-gebaudepolitik-sichergestellt\/"},"author":{"name":"veronique.bittner@endk.ch","@id":"https:\/\/endk.ch\/it\/#\/schema\/person\/e952e70588d8a538b7613b175dde9331"},"headline":"Fortf\u00fchrung einer koh\u00e4renten Geb\u00e4udepolitik sichergestellt","datePublished":"2026-03-09T19:28:55+00:00","dateModified":"2026-04-26T19:31:20+00:00","mainEntityOfPage":{"@id":"https:\/\/endk.ch\/it\/fortfuhrung-einer-koharenten-gebaudepolitik-sichergestellt\/"},"wordCount":220,"publisher":{"@id":"https:\/\/endk.ch\/it\/#organization"},"inLanguage":"it-IT"},{"@type":"WebPage","@id":"https:\/\/endk.ch\/it\/fortfuhrung-einer-koharenten-gebaudepolitik-sichergestellt\/","url":"https:\/\/endk.ch\/it\/fortfuhrung-einer-koharenten-gebaudepolitik-sichergestellt\/","name":"Fortf\u00fchrung einer koh\u00e4renten Geb\u00e4udepolitik sichergestellt - ENDK","isPartOf":{"@id":"https:\/\/endk.ch\/it\/#website"},"datePublished":"2026-03-09T19:28:55+00:00","dateModified":"2026-04-26T19:31:20+00:00","breadcrumb":{"@id":"https:\/\/endk.ch\/it\/fortfuhrung-einer-koharenten-gebaudepolitik-sichergestellt\/#breadcrumb"},"inLanguage":"it-IT","potentialAction":[{"@type":"ReadAction","target":["https:\/\/endk.ch\/it\/fortfuhrung-einer-koharenten-gebaudepolitik-sichergestellt\/"]}]},{"@type":"BreadcrumbList","@id":"https:\/\/endk.ch\/it\/fortfuhrung-einer-koharenten-gebaudepolitik-sichergestellt\/#breadcrumb","itemListElement":[{"@type":"ListItem","position":1,"name":"Startseite","item":"https:\/\/endk.ch\/it\/"},{"@type":"ListItem","position":2,"name":"Fortf\u00fchrung einer koh\u00e4renten Geb\u00e4udepolitik sichergestellt"}]},{"@type":"WebSite","@id":"https:\/\/endk.ch\/it\/#website","url":"https:\/\/endk.ch\/it\/","name":"ENDK","description":"","publisher":{"@id":"https:\/\/endk.ch\/it\/#organization"},"potentialAction":[{"@type":"SearchAction","target":{"@type":"EntryPoint","urlTemplate":"https:\/\/endk.ch\/it\/?s={search_term_string}"},"query-input":{"@type":"PropertyValueSpecification","valueRequired":true,"valueName":"search_term_string"}}],"inLanguage":"it-IT"},{"@type":"Organization","@id":"https:\/\/endk.ch\/it\/#organization","name":"ENDK","url":"https:\/\/endk.ch\/it\/","logo":{"@type":"ImageObject","inLanguage":"it-IT","@id":"https:\/\/endk.ch\/it\/#\/schema\/logo\/image\/","url":null,"contentUrl":null,"width":null,"height":null,"caption":"ENDK"},"image":{"@id":"https:\/\/endk.ch\/it\/#\/schema\/logo\/image\/"}},{"@type":"Person","@id":"https:\/\/endk.ch\/it\/#\/schema\/person\/e952e70588d8a538b7613b175dde9331","name":"veronique.bittner@endk.ch","image":{"@type":"ImageObject","inLanguage":"it-IT","@id":"https:\/\/secure.gravatar.com\/avatar\/e29677574f944d28ac88368246db7304eed01b792a18b9ca73f6d9d38574dcac?s=96&d=mm&r=g","url":"https:\/\/secure.gravatar.com\/avatar\/e29677574f944d28ac88368246db7304eed01b792a18b9ca73f6d9d38574dcac?s=96&d=mm&r=g","contentUrl":"https:\/\/secure.gravatar.com\/avatar\/e29677574f944d28ac88368246db7304eed01b792a18b9ca73f6d9d38574dcac?s=96&d=mm&r=g","caption":"veronique.bittner@endk.ch"}}]}},"_links":{"self":[{"href":"https:\/\/endk.ch\/it\/wp-json\/wp\/v2\/posts\/3998","targetHints":{"allow":["GET"]}}],"collection":[{"href":"https:\/\/endk.ch\/it\/wp-json\/wp\/v2\/posts"}],"about":[{"href":"https:\/\/endk.ch\/it\/wp-json\/wp\/v2\/types\/post"}],"author":[{"embeddable":true,"href":"https:\/\/endk.ch\/it\/wp-json\/wp\/v2\/users\/5"}],"replies":[{"embeddable":true,"href":"https:\/\/endk.ch\/it\/wp-json\/wp\/v2\/comments?post=3998"}],"version-history":[{"count":1,"href":"https:\/\/endk.ch\/it\/wp-json\/wp\/v2\/posts\/3998\/revisions"}],"predecessor-version":[{"id":3999,"href":"https:\/\/endk.ch\/it\/wp-json\/wp\/v2\/posts\/3998\/revisions\/3999"}],"wp:attachment":[{"href":"https:\/\/endk.ch\/it\/wp-json\/wp\/v2\/media?parent=3998"}],"wp:term":[{"taxonomy":"category","embeddable":true,"href":"https:\/\/endk.ch\/it\/wp-json\/wp\/v2\/categories?post=3998"},{"taxonomy":"post_tag","embeddable":true,"href":"https:\/\/endk.ch\/it\/wp-json\/wp\/v2\/tags?post=3998"}],"curies":[{"name":"wp","href":"https:\/\/api.w.org\/{rel}","templated":true}]}}