{"id":4001,"date":"2026-04-15T19:32:12","date_gmt":"2026-04-15T19:32:12","guid":{"rendered":"https:\/\/endk.ch\/?p=4001"},"modified":"2026-04-26T19:32:39","modified_gmt":"2026-04-26T19:32:39","slug":"die-endk-bekraftigt-ihre-unterstutzung-fur-das-stromabkommen","status":"publish","type":"post","link":"https:\/\/endk.ch\/it\/die-endk-bekraftigt-ihre-unterstutzung-fur-das-stromabkommen\/","title":{"rendered":"Die EnDK bekr\u00e4ftigt ihre Unterst\u00fctzung f\u00fcr das Stromabkommen"},"content":{"rendered":"\n<p>Die parlamentarischen Beratungen zum Stromabkommen zwischen der Schweiz und der EU sind gestartet: Am Montag und Dienstag hat die Kommission f\u00fcr Umwelt, Raumplanung und Energie des St\u00e4nderates verschiedene Akteure angeh\u00f6rt.<\/p>\n\n\n\n<p>Die Konferenz Kantonaler Energiedirektoren (EnDK) war mit dabei und konnte nochmals ihre Unterst\u00fctzung f\u00fcr das Abkommen bekr\u00e4ftigen. Dieses leistet einen zentralen Beitrag zur Versorgungssicherheit, zur Stabilit\u00e4t des Stromnetzes und zur besseren Integration erneuerbarer Energien ins Stromsystem.<\/p>\n\n\n\n<p>Die EnDK begr\u00fcsst, dass Themen wie Konzessionsvergabe und -inhalt, Wasserzins, Heimfall sowie \u00f6ffentliches Eigentum nicht Bestandteil des Abkommens sind. Sie erachtet den diesbez\u00fcglichen Geltungsbereich des Abkommens und den Willen der beiden Parteien als klar dargelegt.<\/p>\n\n\n\n<p>Wichtig bleibt, dass die Umsetzung des Abkommens marktkonform erfolgt und auf einer praktikablen, schlanken Regulierung basiert.<\/p>\n","protected":false},"excerpt":{"rendered":"<p>Die parlamentarischen Beratungen zum Stromabkommen zwischen der Schweiz und der EU sind gestartet: Am Montag und Dienstag hat die Kommission f\u00fcr Umwelt, Raumplanung und Energie des St\u00e4nderates verschiedene Akteure angeh\u00f6rt. Die Konferenz Kantonaler Energiedirektoren (EnDK) war mit dabei und konnte nochmals ihre Unterst\u00fctzung f\u00fcr das Abkommen bekr\u00e4ftigen. Dieses leistet einen zentralen Beitrag zur Versorgungssicherheit, zur [&hellip;]<\/p>\n","protected":false},"author":5,"featured_media":0,"comment_status":"closed","ping_status":"open","sticky":false,"template":"","format":"standard","meta":{"_acf_changed":false,"footnotes":""},"categories":[69],"tags":[],"class_list":["post-4001","post","type-post","status-publish","format-standard","hentry","category-senza-categoria"],"acf":[],"yoast_head":"<!-- This site is optimized with the Yoast SEO plugin v27.2 - https:\/\/yoast.com\/product\/yoast-seo-wordpress\/ -->\n<title>Die EnDK bekr\u00e4ftigt ihre Unterst\u00fctzung f\u00fcr das Stromabkommen - ENDK<\/title>\n<meta name=\"robots\" content=\"index, follow, max-snippet:-1, max-image-preview:large, max-video-preview:-1\" \/>\n<link rel=\"canonical\" href=\"https:\/\/endk.ch\/it\/die-endk-bekraftigt-ihre-unterstutzung-fur-das-stromabkommen\/\" \/>\n<meta property=\"og:locale\" content=\"it_IT\" \/>\n<meta property=\"og:type\" content=\"article\" \/>\n<meta property=\"og:title\" content=\"Die EnDK bekr\u00e4ftigt ihre Unterst\u00fctzung f\u00fcr das Stromabkommen - ENDK\" \/>\n<meta property=\"og:description\" content=\"Die parlamentarischen Beratungen zum Stromabkommen zwischen der Schweiz und der EU sind gestartet: Am Montag und Dienstag hat die Kommission f\u00fcr Umwelt, Raumplanung und Energie des St\u00e4nderates verschiedene Akteure angeh\u00f6rt. Die Konferenz Kantonaler Energiedirektoren (EnDK) war mit dabei und konnte nochmals ihre Unterst\u00fctzung f\u00fcr das Abkommen bekr\u00e4ftigen. Dieses leistet einen zentralen Beitrag zur Versorgungssicherheit, zur [&hellip;]\" \/>\n<meta property=\"og:url\" content=\"https:\/\/endk.ch\/it\/die-endk-bekraftigt-ihre-unterstutzung-fur-das-stromabkommen\/\" \/>\n<meta property=\"og:site_name\" content=\"ENDK\" \/>\n<meta property=\"article:published_time\" content=\"2026-04-15T19:32:12+00:00\" \/>\n<meta property=\"article:modified_time\" content=\"2026-04-26T19:32:39+00:00\" \/>\n<meta name=\"author\" content=\"veronique.bittner@endk.ch\" \/>\n<meta name=\"twitter:card\" content=\"summary_large_image\" \/>\n<meta name=\"twitter:label1\" content=\"Scritto da\" \/>\n\t<meta name=\"twitter:data1\" content=\"veronique.bittner@endk.ch\" \/>\n\t<meta name=\"twitter:label2\" content=\"Tempo di lettura stimato\" \/>\n\t<meta name=\"twitter:data2\" content=\"1 minuto\" \/>\n<script type=\"application\/ld+json\" class=\"yoast-schema-graph\">{\"@context\":\"https:\/\/schema.org\",\"@graph\":[{\"@type\":\"Article\",\"@id\":\"https:\/\/endk.ch\/it\/die-endk-bekraftigt-ihre-unterstutzung-fur-das-stromabkommen\/#article\",\"isPartOf\":{\"@id\":\"https:\/\/endk.ch\/it\/die-endk-bekraftigt-ihre-unterstutzung-fur-das-stromabkommen\/\"},\"author\":{\"name\":\"veronique.bittner@endk.ch\",\"@id\":\"https:\/\/endk.ch\/it\/#\/schema\/person\/e952e70588d8a538b7613b175dde9331\"},\"headline\":\"Die EnDK bekr\u00e4ftigt ihre Unterst\u00fctzung f\u00fcr das Stromabkommen\",\"datePublished\":\"2026-04-15T19:32:12+00:00\",\"dateModified\":\"2026-04-26T19:32:39+00:00\",\"mainEntityOfPage\":{\"@id\":\"https:\/\/endk.ch\/it\/die-endk-bekraftigt-ihre-unterstutzung-fur-das-stromabkommen\/\"},\"wordCount\":137,\"publisher\":{\"@id\":\"https:\/\/endk.ch\/it\/#organization\"},\"inLanguage\":\"it-IT\"},{\"@type\":\"WebPage\",\"@id\":\"https:\/\/endk.ch\/it\/die-endk-bekraftigt-ihre-unterstutzung-fur-das-stromabkommen\/\",\"url\":\"https:\/\/endk.ch\/it\/die-endk-bekraftigt-ihre-unterstutzung-fur-das-stromabkommen\/\",\"name\":\"Die EnDK bekr\u00e4ftigt ihre Unterst\u00fctzung f\u00fcr das Stromabkommen - ENDK\",\"isPartOf\":{\"@id\":\"https:\/\/endk.ch\/it\/#website\"},\"datePublished\":\"2026-04-15T19:32:12+00:00\",\"dateModified\":\"2026-04-26T19:32:39+00:00\",\"breadcrumb\":{\"@id\":\"https:\/\/endk.ch\/it\/die-endk-bekraftigt-ihre-unterstutzung-fur-das-stromabkommen\/#breadcrumb\"},\"inLanguage\":\"it-IT\",\"potentialAction\":[{\"@type\":\"ReadAction\",\"target\":[\"https:\/\/endk.ch\/it\/die-endk-bekraftigt-ihre-unterstutzung-fur-das-stromabkommen\/\"]}]},{\"@type\":\"BreadcrumbList\",\"@id\":\"https:\/\/endk.ch\/it\/die-endk-bekraftigt-ihre-unterstutzung-fur-das-stromabkommen\/#breadcrumb\",\"itemListElement\":[{\"@type\":\"ListItem\",\"position\":1,\"name\":\"Startseite\",\"item\":\"https:\/\/endk.ch\/it\/\"},{\"@type\":\"ListItem\",\"position\":2,\"name\":\"Die EnDK bekr\u00e4ftigt ihre Unterst\u00fctzung f\u00fcr das Stromabkommen\"}]},{\"@type\":\"WebSite\",\"@id\":\"https:\/\/endk.ch\/it\/#website\",\"url\":\"https:\/\/endk.ch\/it\/\",\"name\":\"ENDK\",\"description\":\"\",\"publisher\":{\"@id\":\"https:\/\/endk.ch\/it\/#organization\"},\"potentialAction\":[{\"@type\":\"SearchAction\",\"target\":{\"@type\":\"EntryPoint\",\"urlTemplate\":\"https:\/\/endk.ch\/it\/?s={search_term_string}\"},\"query-input\":{\"@type\":\"PropertyValueSpecification\",\"valueRequired\":true,\"valueName\":\"search_term_string\"}}],\"inLanguage\":\"it-IT\"},{\"@type\":\"Organization\",\"@id\":\"https:\/\/endk.ch\/it\/#organization\",\"name\":\"ENDK\",\"url\":\"https:\/\/endk.ch\/it\/\",\"logo\":{\"@type\":\"ImageObject\",\"inLanguage\":\"it-IT\",\"@id\":\"https:\/\/endk.ch\/it\/#\/schema\/logo\/image\/\",\"url\":null,\"contentUrl\":null,\"width\":null,\"height\":null,\"caption\":\"ENDK\"},\"image\":{\"@id\":\"https:\/\/endk.ch\/it\/#\/schema\/logo\/image\/\"}},{\"@type\":\"Person\",\"@id\":\"https:\/\/endk.ch\/it\/#\/schema\/person\/e952e70588d8a538b7613b175dde9331\",\"name\":\"veronique.bittner@endk.ch\",\"image\":{\"@type\":\"ImageObject\",\"inLanguage\":\"it-IT\",\"@id\":\"https:\/\/secure.gravatar.com\/avatar\/e29677574f944d28ac88368246db7304eed01b792a18b9ca73f6d9d38574dcac?s=96&d=mm&r=g\",\"url\":\"https:\/\/secure.gravatar.com\/avatar\/e29677574f944d28ac88368246db7304eed01b792a18b9ca73f6d9d38574dcac?s=96&d=mm&r=g\",\"contentUrl\":\"https:\/\/secure.gravatar.com\/avatar\/e29677574f944d28ac88368246db7304eed01b792a18b9ca73f6d9d38574dcac?s=96&d=mm&r=g\",\"caption\":\"veronique.bittner@endk.ch\"}}]}<\/script>\n<!-- \/ Yoast SEO plugin. -->","yoast_head_json":{"title":"Die EnDK bekr\u00e4ftigt ihre Unterst\u00fctzung f\u00fcr das Stromabkommen - ENDK","robots":{"index":"index","follow":"follow","max-snippet":"max-snippet:-1","max-image-preview":"max-image-preview:large","max-video-preview":"max-video-preview:-1"},"canonical":"https:\/\/endk.ch\/it\/die-endk-bekraftigt-ihre-unterstutzung-fur-das-stromabkommen\/","og_locale":"it_IT","og_type":"article","og_title":"Die EnDK bekr\u00e4ftigt ihre Unterst\u00fctzung f\u00fcr das Stromabkommen - ENDK","og_description":"Die parlamentarischen Beratungen zum Stromabkommen zwischen der Schweiz und der EU sind gestartet: Am Montag und Dienstag hat die Kommission f\u00fcr Umwelt, Raumplanung und Energie des St\u00e4nderates verschiedene Akteure angeh\u00f6rt. Die Konferenz Kantonaler Energiedirektoren (EnDK) war mit dabei und konnte nochmals ihre Unterst\u00fctzung f\u00fcr das Abkommen bekr\u00e4ftigen. Dieses leistet einen zentralen Beitrag zur Versorgungssicherheit, zur [&hellip;]","og_url":"https:\/\/endk.ch\/it\/die-endk-bekraftigt-ihre-unterstutzung-fur-das-stromabkommen\/","og_site_name":"ENDK","article_published_time":"2026-04-15T19:32:12+00:00","article_modified_time":"2026-04-26T19:32:39+00:00","author":"veronique.bittner@endk.ch","twitter_card":"summary_large_image","twitter_misc":{"Scritto da":"veronique.bittner@endk.ch","Tempo di lettura stimato":"1 minuto"},"schema":{"@context":"https:\/\/schema.org","@graph":[{"@type":"Article","@id":"https:\/\/endk.ch\/it\/die-endk-bekraftigt-ihre-unterstutzung-fur-das-stromabkommen\/#article","isPartOf":{"@id":"https:\/\/endk.ch\/it\/die-endk-bekraftigt-ihre-unterstutzung-fur-das-stromabkommen\/"},"author":{"name":"veronique.bittner@endk.ch","@id":"https:\/\/endk.ch\/it\/#\/schema\/person\/e952e70588d8a538b7613b175dde9331"},"headline":"Die EnDK bekr\u00e4ftigt ihre Unterst\u00fctzung f\u00fcr das Stromabkommen","datePublished":"2026-04-15T19:32:12+00:00","dateModified":"2026-04-26T19:32:39+00:00","mainEntityOfPage":{"@id":"https:\/\/endk.ch\/it\/die-endk-bekraftigt-ihre-unterstutzung-fur-das-stromabkommen\/"},"wordCount":137,"publisher":{"@id":"https:\/\/endk.ch\/it\/#organization"},"inLanguage":"it-IT"},{"@type":"WebPage","@id":"https:\/\/endk.ch\/it\/die-endk-bekraftigt-ihre-unterstutzung-fur-das-stromabkommen\/","url":"https:\/\/endk.ch\/it\/die-endk-bekraftigt-ihre-unterstutzung-fur-das-stromabkommen\/","name":"Die EnDK bekr\u00e4ftigt ihre Unterst\u00fctzung f\u00fcr das Stromabkommen - ENDK","isPartOf":{"@id":"https:\/\/endk.ch\/it\/#website"},"datePublished":"2026-04-15T19:32:12+00:00","dateModified":"2026-04-26T19:32:39+00:00","breadcrumb":{"@id":"https:\/\/endk.ch\/it\/die-endk-bekraftigt-ihre-unterstutzung-fur-das-stromabkommen\/#breadcrumb"},"inLanguage":"it-IT","potentialAction":[{"@type":"ReadAction","target":["https:\/\/endk.ch\/it\/die-endk-bekraftigt-ihre-unterstutzung-fur-das-stromabkommen\/"]}]},{"@type":"BreadcrumbList","@id":"https:\/\/endk.ch\/it\/die-endk-bekraftigt-ihre-unterstutzung-fur-das-stromabkommen\/#breadcrumb","itemListElement":[{"@type":"ListItem","position":1,"name":"Startseite","item":"https:\/\/endk.ch\/it\/"},{"@type":"ListItem","position":2,"name":"Die EnDK bekr\u00e4ftigt ihre Unterst\u00fctzung f\u00fcr das Stromabkommen"}]},{"@type":"WebSite","@id":"https:\/\/endk.ch\/it\/#website","url":"https:\/\/endk.ch\/it\/","name":"ENDK","description":"","publisher":{"@id":"https:\/\/endk.ch\/it\/#organization"},"potentialAction":[{"@type":"SearchAction","target":{"@type":"EntryPoint","urlTemplate":"https:\/\/endk.ch\/it\/?s={search_term_string}"},"query-input":{"@type":"PropertyValueSpecification","valueRequired":true,"valueName":"search_term_string"}}],"inLanguage":"it-IT"},{"@type":"Organization","@id":"https:\/\/endk.ch\/it\/#organization","name":"ENDK","url":"https:\/\/endk.ch\/it\/","logo":{"@type":"ImageObject","inLanguage":"it-IT","@id":"https:\/\/endk.ch\/it\/#\/schema\/logo\/image\/","url":null,"contentUrl":null,"width":null,"height":null,"caption":"ENDK"},"image":{"@id":"https:\/\/endk.ch\/it\/#\/schema\/logo\/image\/"}},{"@type":"Person","@id":"https:\/\/endk.ch\/it\/#\/schema\/person\/e952e70588d8a538b7613b175dde9331","name":"veronique.bittner@endk.ch","image":{"@type":"ImageObject","inLanguage":"it-IT","@id":"https:\/\/secure.gravatar.com\/avatar\/e29677574f944d28ac88368246db7304eed01b792a18b9ca73f6d9d38574dcac?s=96&d=mm&r=g","url":"https:\/\/secure.gravatar.com\/avatar\/e29677574f944d28ac88368246db7304eed01b792a18b9ca73f6d9d38574dcac?s=96&d=mm&r=g","contentUrl":"https:\/\/secure.gravatar.com\/avatar\/e29677574f944d28ac88368246db7304eed01b792a18b9ca73f6d9d38574dcac?s=96&d=mm&r=g","caption":"veronique.bittner@endk.ch"}}]}},"_links":{"self":[{"href":"https:\/\/endk.ch\/it\/wp-json\/wp\/v2\/posts\/4001","targetHints":{"allow":["GET"]}}],"collection":[{"href":"https:\/\/endk.ch\/it\/wp-json\/wp\/v2\/posts"}],"about":[{"href":"https:\/\/endk.ch\/it\/wp-json\/wp\/v2\/types\/post"}],"author":[{"embeddable":true,"href":"https:\/\/endk.ch\/it\/wp-json\/wp\/v2\/users\/5"}],"replies":[{"embeddable":true,"href":"https:\/\/endk.ch\/it\/wp-json\/wp\/v2\/comments?post=4001"}],"version-history":[{"count":1,"href":"https:\/\/endk.ch\/it\/wp-json\/wp\/v2\/posts\/4001\/revisions"}],"predecessor-version":[{"id":4002,"href":"https:\/\/endk.ch\/it\/wp-json\/wp\/v2\/posts\/4001\/revisions\/4002"}],"wp:attachment":[{"href":"https:\/\/endk.ch\/it\/wp-json\/wp\/v2\/media?parent=4001"}],"wp:term":[{"taxonomy":"category","embeddable":true,"href":"https:\/\/endk.ch\/it\/wp-json\/wp\/v2\/categories?post=4001"},{"taxonomy":"post_tag","embeddable":true,"href":"https:\/\/endk.ch\/it\/wp-json\/wp\/v2\/tags?post=4001"}],"curies":[{"name":"wp","href":"https:\/\/api.w.org\/{rel}","templated":true}]}}